{"id":12345,"date":"2026-04-25T09:40:57","date_gmt":"2026-04-25T07:40:57","guid":{"rendered":"https:\/\/www.piotripawellodz.pl\/?p=12345"},"modified":"2026-04-26T09:44:24","modified_gmt":"2026-04-26T07:44:24","slug":"obchody-20-lecie-istnienia-w-polsce-zakonu-rycerzy-kolumba","status":"publish","type":"post","link":"https:\/\/www.piotripawellodz.pl\/?p=12345","title":{"rendered":"Obchody 20-lecie istnienia w Polsce Zakonu Rycerzy Kolumba"},"content":{"rendered":"\n<p>W ubieg\u0142\u0105 niedziel\u0119 w naszej parafii \u015bwi\u0119towali\u015bmy 20-lecie istnienia w Polsce, a 15-lecie w naszej parafii Zakonu Rycerzy Kolumba. Zacz\u0119li\u015bmy od Mszy \u015awi\u0119tej, a potem by\u0142 czas na agape.<\/p>\n\n\n\n<figure class=\"wp-block-gallery has-nested-images columns-1 is-cropped wp-block-gallery-1 is-layout-flex wp-block-gallery-is-layout-flex\">\n<figure class=\"wp-block-image size-large\"><img loading=\"lazy\" decoding=\"async\" width=\"1024\" height=\"577\" data-id=\"12349\" src=\"https:\/\/www.piotripawellodz.pl\/wp-content\/uploads\/2026\/04\/2026-04-19-20-lecie-Rycerzy-Kolumba-03-1024x577.jpg\" alt=\"\" class=\"wp-image-12349\" srcset=\"https:\/\/www.piotripawellodz.pl\/wp-content\/uploads\/2026\/04\/2026-04-19-20-lecie-Rycerzy-Kolumba-03-1024x577.jpg 1024w, https:\/\/www.piotripawellodz.pl\/wp-content\/uploads\/2026\/04\/2026-04-19-20-lecie-Rycerzy-Kolumba-03-300x169.jpg 300w, https:\/\/www.piotripawellodz.pl\/wp-content\/uploads\/2026\/04\/2026-04-19-20-lecie-Rycerzy-Kolumba-03-768x432.jpg 768w, https:\/\/www.piotripawellodz.pl\/wp-content\/uploads\/2026\/04\/2026-04-19-20-lecie-Rycerzy-Kolumba-03-1536x865.jpg 1536w, https:\/\/www.piotripawellodz.pl\/wp-content\/uploads\/2026\/04\/2026-04-19-20-lecie-Rycerzy-Kolumba-03.jpg 2000w\" sizes=\"auto, (max-width: 1024px) 100vw, 1024px\" \/><\/figure>\n\n\n\n<figure class=\"wp-block-image size-large\"><img loading=\"lazy\" decoding=\"async\" width=\"1024\" height=\"1024\" data-id=\"12346\" src=\"https:\/\/www.piotripawellodz.pl\/wp-content\/uploads\/2026\/04\/2026-04-19-20-lecie-Rycerzy-Kolumba-04-1024x1024.jpg\" alt=\"\" class=\"wp-image-12346\" srcset=\"https:\/\/www.piotripawellodz.pl\/wp-content\/uploads\/2026\/04\/2026-04-19-20-lecie-Rycerzy-Kolumba-04-1024x1024.jpg 1024w, https:\/\/www.piotripawellodz.pl\/wp-content\/uploads\/2026\/04\/2026-04-19-20-lecie-Rycerzy-Kolumba-04-300x300.jpg 300w, https:\/\/www.piotripawellodz.pl\/wp-content\/uploads\/2026\/04\/2026-04-19-20-lecie-Rycerzy-Kolumba-04-150x150.jpg 150w, https:\/\/www.piotripawellodz.pl\/wp-content\/uploads\/2026\/04\/2026-04-19-20-lecie-Rycerzy-Kolumba-04-768x768.jpg 768w, https:\/\/www.piotripawellodz.pl\/wp-content\/uploads\/2026\/04\/2026-04-19-20-lecie-Rycerzy-Kolumba-04-80x80.jpg 80w, https:\/\/www.piotripawellodz.pl\/wp-content\/uploads\/2026\/04\/2026-04-19-20-lecie-Rycerzy-Kolumba-04.jpg 1496w\" sizes=\"auto, (max-width: 1024px) 100vw, 1024px\" \/><\/figure>\n\n\n\n<figure class=\"wp-block-image size-large\"><img loading=\"lazy\" decoding=\"async\" width=\"577\" height=\"1024\" data-id=\"12351\" src=\"https:\/\/www.piotripawellodz.pl\/wp-content\/uploads\/2026\/04\/2026-04-19-20-lecie-Rycerzy-Kolumba-577x1024.jpg\" alt=\"\" class=\"wp-image-12351\" srcset=\"https:\/\/www.piotripawellodz.pl\/wp-content\/uploads\/2026\/04\/2026-04-19-20-lecie-Rycerzy-Kolumba-577x1024.jpg 577w, https:\/\/www.piotripawellodz.pl\/wp-content\/uploads\/2026\/04\/2026-04-19-20-lecie-Rycerzy-Kolumba-169x300.jpg 169w, https:\/\/www.piotripawellodz.pl\/wp-content\/uploads\/2026\/04\/2026-04-19-20-lecie-Rycerzy-Kolumba-768x1364.jpg 768w, https:\/\/www.piotripawellodz.pl\/wp-content\/uploads\/2026\/04\/2026-04-19-20-lecie-Rycerzy-Kolumba-865x1536.jpg 865w, https:\/\/www.piotripawellodz.pl\/wp-content\/uploads\/2026\/04\/2026-04-19-20-lecie-Rycerzy-Kolumba.jpg 1126w\" sizes=\"auto, (max-width: 577px) 100vw, 577px\" \/><\/figure>\n\n\n\n<figure class=\"wp-block-image size-large\"><img loading=\"lazy\" decoding=\"async\" width=\"1024\" height=\"577\" data-id=\"12352\" src=\"https:\/\/www.piotripawellodz.pl\/wp-content\/uploads\/2026\/04\/2026-04-19-20-lecie-Rycerzy-Kolumba-02-1024x577.jpg\" alt=\"\" class=\"wp-image-12352\" srcset=\"https:\/\/www.piotripawellodz.pl\/wp-content\/uploads\/2026\/04\/2026-04-19-20-lecie-Rycerzy-Kolumba-02-1024x577.jpg 1024w, https:\/\/www.piotripawellodz.pl\/wp-content\/uploads\/2026\/04\/2026-04-19-20-lecie-Rycerzy-Kolumba-02-300x169.jpg 300w, https:\/\/www.piotripawellodz.pl\/wp-content\/uploads\/2026\/04\/2026-04-19-20-lecie-Rycerzy-Kolumba-02-768x432.jpg 768w, https:\/\/www.piotripawellodz.pl\/wp-content\/uploads\/2026\/04\/2026-04-19-20-lecie-Rycerzy-Kolumba-02-1536x865.jpg 1536w, https:\/\/www.piotripawellodz.pl\/wp-content\/uploads\/2026\/04\/2026-04-19-20-lecie-Rycerzy-Kolumba-02.jpg 2000w\" sizes=\"auto, (max-width: 1024px) 100vw, 1024px\" \/><\/figure>\n\n\n\n<figure class=\"wp-block-image size-large\"><img loading=\"lazy\" decoding=\"async\" width=\"1024\" height=\"1024\" data-id=\"12350\" src=\"https:\/\/www.piotripawellodz.pl\/wp-content\/uploads\/2026\/04\/2026-04-19-20-lecie-Rycerzy-Kolumba-05-1024x1024.jpg\" alt=\"\" class=\"wp-image-12350\" srcset=\"https:\/\/www.piotripawellodz.pl\/wp-content\/uploads\/2026\/04\/2026-04-19-20-lecie-Rycerzy-Kolumba-05-1024x1024.jpg 1024w, https:\/\/www.piotripawellodz.pl\/wp-content\/uploads\/2026\/04\/2026-04-19-20-lecie-Rycerzy-Kolumba-05-300x300.jpg 300w, https:\/\/www.piotripawellodz.pl\/wp-content\/uploads\/2026\/04\/2026-04-19-20-lecie-Rycerzy-Kolumba-05-150x150.jpg 150w, https:\/\/www.piotripawellodz.pl\/wp-content\/uploads\/2026\/04\/2026-04-19-20-lecie-Rycerzy-Kolumba-05-768x768.jpg 768w, https:\/\/www.piotripawellodz.pl\/wp-content\/uploads\/2026\/04\/2026-04-19-20-lecie-Rycerzy-Kolumba-05-80x80.jpg 80w, https:\/\/www.piotripawellodz.pl\/wp-content\/uploads\/2026\/04\/2026-04-19-20-lecie-Rycerzy-Kolumba-05.jpg 1496w\" sizes=\"auto, (max-width: 1024px) 100vw, 1024px\" \/><\/figure>\n\n\n\n<figure class=\"wp-block-image size-large\"><img loading=\"lazy\" decoding=\"async\" width=\"1024\" height=\"577\" data-id=\"12348\" src=\"https:\/\/www.piotripawellodz.pl\/wp-content\/uploads\/2026\/04\/2026-04-19-20-lecie-Rycerzy-Kolumba-06-1024x577.jpg\" alt=\"\" class=\"wp-image-12348\" srcset=\"https:\/\/www.piotripawellodz.pl\/wp-content\/uploads\/2026\/04\/2026-04-19-20-lecie-Rycerzy-Kolumba-06-1024x577.jpg 1024w, https:\/\/www.piotripawellodz.pl\/wp-content\/uploads\/2026\/04\/2026-04-19-20-lecie-Rycerzy-Kolumba-06-300x169.jpg 300w, https:\/\/www.piotripawellodz.pl\/wp-content\/uploads\/2026\/04\/2026-04-19-20-lecie-Rycerzy-Kolumba-06-768x432.jpg 768w, https:\/\/www.piotripawellodz.pl\/wp-content\/uploads\/2026\/04\/2026-04-19-20-lecie-Rycerzy-Kolumba-06-1536x865.jpg 1536w, https:\/\/www.piotripawellodz.pl\/wp-content\/uploads\/2026\/04\/2026-04-19-20-lecie-Rycerzy-Kolumba-06.jpg 2000w\" sizes=\"auto, (max-width: 1024px) 100vw, 1024px\" \/><\/figure>\n\n\n\n<figure class=\"wp-block-image size-large\"><img loading=\"lazy\" decoding=\"async\" width=\"1024\" height=\"577\" data-id=\"12347\" src=\"https:\/\/www.piotripawellodz.pl\/wp-content\/uploads\/2026\/04\/2026-04-19-20-lecie-Rycerzy-Kolumba-07-1024x577.jpg\" alt=\"\" class=\"wp-image-12347\" srcset=\"https:\/\/www.piotripawellodz.pl\/wp-content\/uploads\/2026\/04\/2026-04-19-20-lecie-Rycerzy-Kolumba-07-1024x577.jpg 1024w, https:\/\/www.piotripawellodz.pl\/wp-content\/uploads\/2026\/04\/2026-04-19-20-lecie-Rycerzy-Kolumba-07-300x169.jpg 300w, https:\/\/www.piotripawellodz.pl\/wp-content\/uploads\/2026\/04\/2026-04-19-20-lecie-Rycerzy-Kolumba-07-768x432.jpg 768w, https:\/\/www.piotripawellodz.pl\/wp-content\/uploads\/2026\/04\/2026-04-19-20-lecie-Rycerzy-Kolumba-07-1536x865.jpg 1536w, https:\/\/www.piotripawellodz.pl\/wp-content\/uploads\/2026\/04\/2026-04-19-20-lecie-Rycerzy-Kolumba-07.jpg 2000w\" sizes=\"auto, (max-width: 1024px) 100vw, 1024px\" \/><\/figure>\n<\/figure>\n","protected":false},"excerpt":{"rendered":"<p>W ubieg\u0142\u0105 niedziel\u0119 w naszej parafii \u015bwi\u0119towali\u015bmy 20-lecie istnienia w Polsce, a 15-lecie w naszej parafii Zakonu Rycerzy Kolumba. Zacz\u0119li\u015bmy od Mszy \u015awi\u0119tej, a potem by\u0142 czas na agape.<\/p>\n","protected":false},"author":1,"featured_media":12351,"comment_status":"closed","ping_status":"closed","sticky":false,"template":"","format":"standard","meta":{"footnotes":""},"categories":[15,7],"tags":[33],"class_list":["post-12345","post","type-post","status-publish","format-standard","has-post-thumbnail","hentry","category-rycerze-kolumba","category-wydarzenia","tag-rycerze-kolumba"],"_links":{"self":[{"href":"https:\/\/www.piotripawellodz.pl\/index.php?rest_route=\/wp\/v2\/posts\/12345","targetHints":{"allow":["GET"]}}],"collection":[{"href":"https:\/\/www.piotripawellodz.pl\/index.php?rest_route=\/wp\/v2\/posts"}],"about":[{"href":"https:\/\/www.piotripawellodz.pl\/index.php?rest_route=\/wp\/v2\/types\/post"}],"author":[{"embeddable":true,"href":"https:\/\/www.piotripawellodz.pl\/index.php?rest_route=\/wp\/v2\/users\/1"}],"replies":[{"embeddable":true,"href":"https:\/\/www.piotripawellodz.pl\/index.php?rest_route=%2Fwp%2Fv2%2Fcomments&post=12345"}],"version-history":[{"count":1,"href":"https:\/\/www.piotripawellodz.pl\/index.php?rest_route=\/wp\/v2\/posts\/12345\/revisions"}],"predecessor-version":[{"id":12353,"href":"https:\/\/www.piotripawellodz.pl\/index.php?rest_route=\/wp\/v2\/posts\/12345\/revisions\/12353"}],"wp:featuredmedia":[{"embeddable":true,"href":"https:\/\/www.piotripawellodz.pl\/index.php?rest_route=\/wp\/v2\/media\/12351"}],"wp:attachment":[{"href":"https:\/\/www.piotripawellodz.pl\/index.php?rest_route=%2Fwp%2Fv2%2Fmedia&parent=12345"}],"wp:term":[{"taxonomy":"category","embeddable":true,"href":"https:\/\/www.piotripawellodz.pl\/index.php?rest_route=%2Fwp%2Fv2%2Fcategories&post=12345"},{"taxonomy":"post_tag","embeddable":true,"href":"https:\/\/www.piotripawellodz.pl\/index.php?rest_route=%2Fwp%2Fv2%2Ftags&post=12345"}],"curies":[{"name":"wp","href":"https:\/\/api.w.org\/{rel}","templated":true}]}}