{"id":12709,"date":"2026-08-31T07:31:59","date_gmt":"2026-08-31T05:31:59","guid":{"rendered":"https:\/\/www.piotripawellodz.pl\/?p=12709"},"modified":"2026-08-31T07:31:59","modified_gmt":"2026-08-31T05:31:59","slug":"100-lat-pani-marianny","status":"publish","type":"post","link":"https:\/\/www.piotripawellodz.pl\/?p=12709","title":{"rendered":"100 lat Pani Marianny"},"content":{"rendered":"\n<p class=\"wp-block-paragraph\">Wczoraj w naszej parafii mia\u0142 miejsce wyj\u0105tkowy i pi\u0119kny jubileusz \u2013 100. urodziny Pani Marianny! <br>Z ca\u0142ego serca \u017cyczymy Pani Mariannie kolejnych pi\u0119knych lat w zdrowiu, otoczeniu mi\u0142o\u015bci i \u017cyczliwo\u015bci bliskich oraz nieustannej opieki i b\u0142ogos\u0142awie\u0144stwa Bo\u017cego.<br>200 lat, Pani Marianno!<\/p>\n\n\n\n<figure class=\"wp-block-video\"><video height=\"846\" style=\"aspect-ratio: 476 \/ 846;\" width=\"476\" controls src=\"https:\/\/www.piotripawellodz.pl\/wp-content\/uploads\/2026\/08\/2026-08-30-100-urodziny-pani-Marianny.mp4\"><\/video><\/figure>\n","protected":false},"excerpt":{"rendered":"<p>Wczoraj w naszej parafii mia\u0142 miejsce wyj\u0105tkowy i pi\u0119kny jubileusz \u2013 100. urodziny Pani Marianny! Z ca\u0142ego serca \u017cyczymy Pani Mariannie kolejnych pi\u0119knych lat w zdrowiu, otoczeniu mi\u0142o\u015bci i \u017cyczliwo\u015bci bliskich oraz nieustannej opieki i b\u0142ogos\u0142awie\u0144stwa Bo\u017cego.200 lat, Pani Marianno!<\/p>\n","protected":false},"author":1,"featured_media":3269,"comment_status":"closed","ping_status":"closed","sticky":false,"template":"","format":"standard","meta":{"footnotes":""},"categories":[7],"tags":[118],"class_list":["post-12709","post","type-post","status-publish","format-standard","has-post-thumbnail","hentry","category-wydarzenia","tag-jubileusz"],"_links":{"self":[{"href":"https:\/\/www.piotripawellodz.pl\/index.php?rest_route=\/wp\/v2\/posts\/12709","targetHints":{"allow":["GET"]}}],"collection":[{"href":"https:\/\/www.piotripawellodz.pl\/index.php?rest_route=\/wp\/v2\/posts"}],"about":[{"href":"https:\/\/www.piotripawellodz.pl\/index.php?rest_route=\/wp\/v2\/types\/post"}],"author":[{"embeddable":true,"href":"https:\/\/www.piotripawellodz.pl\/index.php?rest_route=\/wp\/v2\/users\/1"}],"replies":[{"embeddable":true,"href":"https:\/\/www.piotripawellodz.pl\/index.php?rest_route=%2Fwp%2Fv2%2Fcomments&post=12709"}],"version-history":[{"count":2,"href":"https:\/\/www.piotripawellodz.pl\/index.php?rest_route=\/wp\/v2\/posts\/12709\/revisions"}],"predecessor-version":[{"id":12712,"href":"https:\/\/www.piotripawellodz.pl\/index.php?rest_route=\/wp\/v2\/posts\/12709\/revisions\/12712"}],"wp:featuredmedia":[{"embeddable":true,"href":"https:\/\/www.piotripawellodz.pl\/index.php?rest_route=\/wp\/v2\/media\/3269"}],"wp:attachment":[{"href":"https:\/\/www.piotripawellodz.pl\/index.php?rest_route=%2Fwp%2Fv2%2Fmedia&parent=12709"}],"wp:term":[{"taxonomy":"category","embeddable":true,"href":"https:\/\/www.piotripawellodz.pl\/index.php?rest_route=%2Fwp%2Fv2%2Fcategories&post=12709"},{"taxonomy":"post_tag","embeddable":true,"href":"https:\/\/www.piotripawellodz.pl\/index.php?rest_route=%2Fwp%2Fv2%2Ftags&post=12709"}],"curies":[{"name":"wp","href":"https:\/\/api.w.org\/{rel}","templated":true}]}}